{"id":6203,"date":"2026-02-17T04:59:42","date_gmt":"2026-02-17T03:59:42","guid":{"rendered":"https:\/\/www.assinews.it\/?p=660121306"},"modified":"2026-02-17T04:59:42","modified_gmt":"2026-02-17T03:59:42","slug":"rc-medica-in-materia-oculistica-la-proposta-albi-di-ctu-specialisti-e-piu-sinergia-tra-ordini-ministero-e-tribunali","status":"publish","type":"post","link":"https:\/\/mgebroker.com\/en\/rc-medica-in-materia-oculistica-la-proposta-albi-di-ctu-specialisti-e-piu-sinergia-tra-ordini-ministero-e-tribunali\/","title":{"rendered":"RC medica in materia oculistica, la proposta: albi di CTU specialisti e pi\u00f9 sinergia tra Ordini, Ministero e Tribunali"},"content":{"rendered":"<p>Nel corso del convegno \u201cLa responsabilit\u00e0 medica in materia oculistica\u201d, organizzato dalla Societ\u00e0 Italiana di Scienze Oftalmologiche (SISO) alla LUMSA con il patrocinio della Societ\u00e0 Italiana di Medicina Legale (SIMLA), \u00e8 stata sottolineata la necessit\u00e0 di rafforzare la specializzazione nelle consulenze tecniche nei procedimenti giudiziari riguardanti l\u2019oculistica. L\u2019avvocato Michele Allamprese, segretario dell\u2019Associazione pazienti malattie oculari [&#8230;]<\/p>\n<p>L&#8217;articolo <a rel=\"nofollow\" href=\"https:\/\/www.assinews.it\/02\/2026\/rc-medica-in-materia-oculistica-la-proposta-albi-di-ctu-specialisti-e-piu-sinergia-tra-ordini-ministero-e-tribunali\/660121306\/\">RC medica in materia oculistica, la proposta: albi di CTU specialisti e pi\u00f9 sinergia tra Ordini, Ministero e Tribunali<\/a> proviene da <a rel=\"nofollow\" href=\"https:\/\/www.assinews.it\">Assinews.it<\/a>.<\/p>\n<p> <a href=\"https:\/\/www.assinews.it\/02\/2026\/rc-medica-in-materia-oculistica-la-proposta-albi-di-ctu-specialisti-e-piu-sinergia-tra-ordini-ministero-e-tribunali\/660121306\/\">Source<\/a><\/p>\n","protected":false},"excerpt":{"rendered":"<p>Nel corso del convegno \u201cLa responsabilit\u00e0 medica in materia oculistica\u201d, organizzato dalla Societ\u00e0 Italiana di Scienze Oftalmologiche (SISO) alla LUMSA con il patrocinio della Societ\u00e0 Italiana di Medicina Legale (SIMLA), \u00e8 stata sottolineata la necessit\u00e0 di rafforzare la specializzazione nelle consulenze tecniche nei procedimenti giudiziari riguardanti l\u2019oculistica. L\u2019avvocato Michele Allamprese, segretario dell\u2019Associazione pazienti malattie oculari [&hellip;]<\/p>\n","protected":false},"author":1,"featured_media":0,"comment_status":"closed","ping_status":"closed","sticky":false,"template":"","format":"standard","meta":{"footnotes":""},"categories":[1],"tags":[],"class_list":["post-6203","post","type-post","status-publish","format-standard","hentry","category-news"],"_links":{"self":[{"href":"https:\/\/mgebroker.com\/en\/wp-json\/wp\/v2\/posts\/6203","targetHints":{"allow":["GET"]}}],"collection":[{"href":"https:\/\/mgebroker.com\/en\/wp-json\/wp\/v2\/posts"}],"about":[{"href":"https:\/\/mgebroker.com\/en\/wp-json\/wp\/v2\/types\/post"}],"author":[{"embeddable":true,"href":"https:\/\/mgebroker.com\/en\/wp-json\/wp\/v2\/users\/1"}],"replies":[{"embeddable":true,"href":"https:\/\/mgebroker.com\/en\/wp-json\/wp\/v2\/comments?post=6203"}],"version-history":[{"count":0,"href":"https:\/\/mgebroker.com\/en\/wp-json\/wp\/v2\/posts\/6203\/revisions"}],"wp:attachment":[{"href":"https:\/\/mgebroker.com\/en\/wp-json\/wp\/v2\/media?parent=6203"}],"wp:term":[{"taxonomy":"category","embeddable":true,"href":"https:\/\/mgebroker.com\/en\/wp-json\/wp\/v2\/categories?post=6203"},{"taxonomy":"post_tag","embeddable":true,"href":"https:\/\/mgebroker.com\/en\/wp-json\/wp\/v2\/tags?post=6203"}],"curies":[{"name":"wp","href":"https:\/\/api.w.org\/{rel}","templated":true}]}}