{"id":4794,"date":"2024-04-23T04:55:31","date_gmt":"2024-04-23T02:55:31","guid":{"rendered":"https:\/\/www.assinews.it\/?p=660110715"},"modified":"2024-04-23T04:55:31","modified_gmt":"2024-04-23T02:55:31","slug":"tavolo-di-coordinamento-sulla-finanza-sostenibile-pubblicata-la-relazione-annuale-delle-attivita-svolte-nel-2023","status":"publish","type":"post","link":"https:\/\/mgebroker.com\/en\/tavolo-di-coordinamento-sulla-finanza-sostenibile-pubblicata-la-relazione-annuale-delle-attivita-svolte-nel-2023\/","title":{"rendered":"Tavolo di coordinamento sulla finanza sostenibile: pubblicata la relazione annuale delle attivit\u00e0 svolte nel 2023"},"content":{"rendered":"<p>di Francesco Sottile Nei giorni scorsi \u00e8 stata pubblicata la Relazione annuale delle attivit\u00e0 del 2023 svolte dal \u201cTavolo di coordinamento sulla finanza sostenibile\u201d: di tale tavolo &#8211; presieduto dal Dipartimento del Tesoro del MEF \u2013 fanno parte anche Ministero dell\u2019Ambiente e della Sicurezza Energetica (MASE), la Banca d\u2019Italia (BI), la Commissione Nazionale per le [&#8230;]<\/p>\n<p>L&#8217;articolo <a rel=\"nofollow\" href=\"https:\/\/www.assinews.it\/04\/2024\/tavolo-di-coordinamento-sulla-finanza-sostenibile-pubblicata-la-relazione-annuale-delle-attivita-svolte-nel-2023\/660110715\/\">Tavolo di coordinamento sulla finanza sostenibile: pubblicata la relazione annuale delle attivit\u00e0 svolte nel 2023<\/a> proviene da <a rel=\"nofollow\" href=\"https:\/\/www.assinews.it\">Assinews.it<\/a>.<\/p>\n<p> <a href=\"https:\/\/www.assinews.it\/04\/2024\/tavolo-di-coordinamento-sulla-finanza-sostenibile-pubblicata-la-relazione-annuale-delle-attivita-svolte-nel-2023\/660110715\/\">Source<\/a><\/p>\n","protected":false},"excerpt":{"rendered":"<p>di Francesco Sottile Nei giorni scorsi \u00e8 stata pubblicata la Relazione annuale delle attivit\u00e0 del 2023 svolte dal \u201cTavolo di coordinamento sulla finanza sostenibile\u201d: di tale tavolo &#8211; presieduto dal Dipartimento del Tesoro del MEF \u2013 fanno parte anche Ministero dell\u2019Ambiente e della Sicurezza Energetica (MASE), la Banca d\u2019Italia (BI), la Commissione Nazionale per le [&hellip;]<\/p>\n","protected":false},"author":1,"featured_media":0,"comment_status":"closed","ping_status":"closed","sticky":false,"template":"","format":"standard","meta":{"footnotes":""},"categories":[1],"tags":[],"class_list":["post-4794","post","type-post","status-publish","format-standard","hentry","category-news"],"_links":{"self":[{"href":"https:\/\/mgebroker.com\/en\/wp-json\/wp\/v2\/posts\/4794","targetHints":{"allow":["GET"]}}],"collection":[{"href":"https:\/\/mgebroker.com\/en\/wp-json\/wp\/v2\/posts"}],"about":[{"href":"https:\/\/mgebroker.com\/en\/wp-json\/wp\/v2\/types\/post"}],"author":[{"embeddable":true,"href":"https:\/\/mgebroker.com\/en\/wp-json\/wp\/v2\/users\/1"}],"replies":[{"embeddable":true,"href":"https:\/\/mgebroker.com\/en\/wp-json\/wp\/v2\/comments?post=4794"}],"version-history":[{"count":0,"href":"https:\/\/mgebroker.com\/en\/wp-json\/wp\/v2\/posts\/4794\/revisions"}],"wp:attachment":[{"href":"https:\/\/mgebroker.com\/en\/wp-json\/wp\/v2\/media?parent=4794"}],"wp:term":[{"taxonomy":"category","embeddable":true,"href":"https:\/\/mgebroker.com\/en\/wp-json\/wp\/v2\/categories?post=4794"},{"taxonomy":"post_tag","embeddable":true,"href":"https:\/\/mgebroker.com\/en\/wp-json\/wp\/v2\/tags?post=4794"}],"curies":[{"name":"wp","href":"https:\/\/api.w.org\/{rel}","templated":true}]}}